{"id":69,"date":"2009-12-18T02:02:47","date_gmt":"2009-12-18T05:02:47","guid":{"rendered":"http:\/\/ryan.com.br\/blogs\/seven\/?p=69"},"modified":"2009-12-19T22:41:23","modified_gmt":"2009-12-20T01:41:23","slug":"finalmente-meu-receptor-de-tv-funciona","status":"publish","type":"post","link":"http:\/\/ryan.com.br\/blogs\/seven\/2009\/12\/finalmente-meu-receptor-de-tv-funciona\/","title":{"rendered":"Finalmente meu receptor de TV funciona."},"content":{"rendered":"<p>Inconformado com os resultados dos <a href=\"http:\/\/ryan.com.br\/blogs\/seven\/2009\/12\/meu-receptor-de-tv-nao-funciona\/\" target=\"_blank\">meus testes anteriores<\/a>, fiz nova busca no Google hoje e desta vez encontrei uma <a href=\"http:\/\/www.tomshardware.com\/forum\/962-63-center-win7-64bit\">solu\u00e7\u00e3o para o problema do TVCenter Pro<\/a>. Desinstalei o TVCenter 6.2 (cuja imagem continuava uma porcaria), reinicie o Seven e instalei o TV Center Pro 5.4. Confirmei que continuava dando erro ao rodar, fui at\u00e9 a configura\u00e7\u00e3o (que \u00e9 um programa separado) e desliguei o OSD, conforme instru\u00e7\u00f5es.<\/p>\n<p>Inicialmente pareceu que tinha dado xabu, porque o programa iniciou sem dar erro mas com a tela preta, por\u00e9m bastou fazer nova varredura dos canais para tudo funcionar como deveria.<\/p>\n<p style=\"clear: both; text-align: center;\"><a style=\"margin-left: 1em; margin-right: 1em;\" href=\"http:\/\/ryan.com.br\/blogs\/seven\/imagens\/seven_TVCenter_75.jpg\"><img id=\"img-69-c815300c2d\" data-post-id=\"69\" src=\"http:\/\/ryan.com.br\/blogs\/seven\/imagens\/seven_TVCenter_75.jpg\" border=\"0\" alt=\"\" \/><\/a><\/p>\n<p>S\u00f3 est\u00e1 faltando o OSD, mas d\u00e1 para usar sem ele.<\/p>\n<p>Uma &#8220;voz na minha cabe\u00e7a&#8221; me disse para testar de novo o Windows Media Center. Para a minha surpresa desta vez o programa tamb\u00e9m reconheceu meu receptor de TV. E pouco antes de reinstalar o TVCenter eu havia confirmado que o WMC continuava dando a mensagem de &#8220;hardware ausente&#8221;.<\/p>\n<p>Minha \u00fanica suspeita \u00e9 que desta vez eu deixei o TVCenter fazer uma instala\u00e7\u00e3o completa, quando nas tentativas anteriores \u00e0s vezes eu desmarcava a instala\u00e7\u00e3o do driver (porque j\u00e1 estava instalado).<\/p>\n<p>A prop\u00f3sito, nota dez para a beleza do WMC e nota zero para sua intuitividade. Configurar o programa \u00e9 um saco.<\/p>\n","protected":false},"excerpt":{"rendered":"<p>Inconformado com os resultados dos meus testes anteriores, fiz nova busca no Google hoje e desta vez encontrei uma solu\u00e7\u00e3o para o problema do TVCenter Pro. Desinstalei o TVCenter 6.2 (cuja imagem continuava uma porcaria), reinicie o Seven e instalei o TV Center Pro 5.4. Confirmei que continuava dando erro ao rodar, fui at\u00e9 a [&hellip;]<\/p>\n","protected":false},"author":3,"featured_media":0,"comment_status":"open","ping_status":"open","sticky":false,"template":"","format":"standard","meta":[],"categories":[7],"tags":[51,19],"_links":{"self":[{"href":"http:\/\/ryan.com.br\/blogs\/seven\/wp-json\/wp\/v2\/posts\/69"}],"collection":[{"href":"http:\/\/ryan.com.br\/blogs\/seven\/wp-json\/wp\/v2\/posts"}],"about":[{"href":"http:\/\/ryan.com.br\/blogs\/seven\/wp-json\/wp\/v2\/types\/post"}],"author":[{"embeddable":true,"href":"http:\/\/ryan.com.br\/blogs\/seven\/wp-json\/wp\/v2\/users\/3"}],"replies":[{"embeddable":true,"href":"http:\/\/ryan.com.br\/blogs\/seven\/wp-json\/wp\/v2\/comments?post=69"}],"version-history":[{"count":3,"href":"http:\/\/ryan.com.br\/blogs\/seven\/wp-json\/wp\/v2\/posts\/69\/revisions"}],"predecessor-version":[{"id":250,"href":"http:\/\/ryan.com.br\/blogs\/seven\/wp-json\/wp\/v2\/posts\/69\/revisions\/250"}],"wp:attachment":[{"href":"http:\/\/ryan.com.br\/blogs\/seven\/wp-json\/wp\/v2\/media?parent=69"}],"wp:term":[{"taxonomy":"category","embeddable":true,"href":"http:\/\/ryan.com.br\/blogs\/seven\/wp-json\/wp\/v2\/categories?post=69"},{"taxonomy":"post_tag","embeddable":true,"href":"http:\/\/ryan.com.br\/blogs\/seven\/wp-json\/wp\/v2\/tags?post=69"}],"curies":[{"name":"wp","href":"https:\/\/api.w.org\/{rel}","templated":true}]}}