{"id":73,"date":"2009-12-18T02:03:49","date_gmt":"2009-12-18T05:03:49","guid":{"rendered":"http:\/\/ryan.com.br\/blogs\/seven\/?p=73"},"modified":"2010-01-05T13:49:38","modified_gmt":"2010-01-05T16:49:38","slug":"tvcenter-derrubando-aero","status":"publish","type":"post","link":"http:\/\/ryan.com.br\/blogs\/seven\/2009\/12\/tvcenter-derrubando-aero\/","title":{"rendered":"TVCenter Pro derrubando o Aero."},"content":{"rendered":"<p>N\u00e3o ter o OSD n\u00e3o \u00e9 o \u00fanico problema do TVCenter Pro v5.4 rodando sob o Seven. Se eu rodar qualquer aplica\u00e7\u00e3o que ative o UAC enquanto o TVCenter Pro estiver ativo, o Desktop Window Manager \u00e9 desligado.<\/p>\n<p><img id=\"img-73-357f93963f\" data-post-id=\"73\" src=\"http:\/\/ryan.com.br\/blogs\/seven\/imagens\/seven_DWM_SwitchedOff_75.jpg\" alt=\"\" \/><\/p>\n<p>Com o DWM ligado o TVcenter n\u00e3o poderia deixar rastro quando arrastado e a imagem tela apareceria no snapshot.<\/p>\n<p><img id=\"img-73-2aff4a7dea\" data-post-id=\"73\" src=\"http:\/\/ryan.com.br\/blogs\/seven\/imagens\/seven_RastroJanela_75.jpg\" alt=\"\" \/><\/p>\n<p>O \u00fanico jeito de religar o DWM \u00e9 fechar o TVCenter Pro.<\/p>\n<p>Isso est\u00e1 me obrigando a assistir TV com o Windows Media Center, que n\u00e3o tem esse problema.<\/p>\n<p><strong>Edit:<\/strong> Depois de me deparar com o rid\u00edculo <a href=\"http:\/\/ryan.com.br\/blogs\/seven\/2009\/12\/o-problema-do-audio-no-windows-media-center\/\" target=\"_blank\">problema de volume do WMC<\/a>, acabei encontrando um jeito de contornar esse problema do TVCenter. Basta me lembrar de minimizar o TVCenter sempre que eu iniciar uma nova aplica\u00e7\u00e3o que ele n\u00e3o desligar\u00e1 o Aero.<\/p>\n<p><strong>05\/01\/10:<\/strong> Encontrei um modo melhor de lidar com o problema. Basta criar atalhos usando <strong>este m\u00e9todo<\/strong>, para todas as aplica\u00e7\u00f5es que uso normalmente que ativariam o UAC.<\/p>\n","protected":false},"excerpt":{"rendered":"<p>N\u00e3o ter o OSD n\u00e3o \u00e9 o \u00fanico problema do TVCenter Pro v5.4 rodando sob o Seven. Se eu rodar qualquer aplica\u00e7\u00e3o que ative o UAC enquanto o TVCenter Pro estiver ativo, o Desktop Window Manager \u00e9 desligado. Com o DWM ligado o TVcenter n\u00e3o poderia deixar rastro quando arrastado e a imagem tela apareceria [&hellip;]<\/p>\n","protected":false},"author":3,"featured_media":0,"comment_status":"open","ping_status":"open","sticky":false,"template":"","format":"standard","meta":[],"categories":[7],"tags":[51,19,71],"_links":{"self":[{"href":"http:\/\/ryan.com.br\/blogs\/seven\/wp-json\/wp\/v2\/posts\/73"}],"collection":[{"href":"http:\/\/ryan.com.br\/blogs\/seven\/wp-json\/wp\/v2\/posts"}],"about":[{"href":"http:\/\/ryan.com.br\/blogs\/seven\/wp-json\/wp\/v2\/types\/post"}],"author":[{"embeddable":true,"href":"http:\/\/ryan.com.br\/blogs\/seven\/wp-json\/wp\/v2\/users\/3"}],"replies":[{"embeddable":true,"href":"http:\/\/ryan.com.br\/blogs\/seven\/wp-json\/wp\/v2\/comments?post=73"}],"version-history":[{"count":7,"href":"http:\/\/ryan.com.br\/blogs\/seven\/wp-json\/wp\/v2\/posts\/73\/revisions"}],"predecessor-version":[{"id":427,"href":"http:\/\/ryan.com.br\/blogs\/seven\/wp-json\/wp\/v2\/posts\/73\/revisions\/427"}],"wp:attachment":[{"href":"http:\/\/ryan.com.br\/blogs\/seven\/wp-json\/wp\/v2\/media?parent=73"}],"wp:term":[{"taxonomy":"category","embeddable":true,"href":"http:\/\/ryan.com.br\/blogs\/seven\/wp-json\/wp\/v2\/categories?post=73"},{"taxonomy":"post_tag","embeddable":true,"href":"http:\/\/ryan.com.br\/blogs\/seven\/wp-json\/wp\/v2\/tags?post=73"}],"curies":[{"name":"wp","href":"https:\/\/api.w.org\/{rel}","templated":true}]}}