{"id":83,"date":"2009-12-18T02:07:23","date_gmt":"2009-12-18T05:07:23","guid":{"rendered":"http:\/\/ryan.com.br\/blogs\/seven\/?p=83"},"modified":"2010-02-10T04:11:23","modified_gmt":"2010-02-10T07:11:23","slug":"problema-audio-windows-media-center","status":"publish","type":"post","link":"http:\/\/ryan.com.br\/blogs\/seven\/2009\/12\/problema-audio-windows-media-center\/","title":{"rendered":"O problema do \u00e1udio no Windows Media Center."},"content":{"rendered":"<p>A p\u00e1gina da MS <a href=\"http:\/\/windows.microsoft.com\/en-us\/windows-vista\/Windows-Media-Center-keyboard-shortcuts\">com os atalhos de teclado do WMC<\/a> n\u00e3o explica que ao apertar F8 <strong>todo o Windows<\/strong> fica mudo e n\u00e3o apenas o WMC. Isso foi inesperado e\u00a0 muito estranho, porque geralmente n\u00e3o \u00e9 isso que eu desejo, <strong>principalmente quando estou assistindo a Live TV<\/strong>.<\/p>\n<p>Eu coloco a TV em mute porque estou esperando algum programa que me interesse come\u00e7ar, mas n\u00e3o quero com isso perder todo o suporte de \u00e1udio das aplica\u00e7\u00f5es!<\/p>\n<p>\u00c9 dif\u00edcil entender como o F8 s\u00f3 funciona com o WMC em primeiro plano (n\u00e3o \u00e9 um atalho de teclado global), mas afeta o Windows globalmente.<\/p>\n<p>Pesquisando no Google encontrei uma <a href=\"http:\/\/social.answers.microsoft.com\/Forums\/en-US\/w7programs\/thread\/fdb6b53b-e5cc-44a4-b30d-697e3afcf0cc\">resposta desanimadora<\/a>.O volume no WMC \u00e9 conectado diretamente ao volume do Windows e at\u00e9 baixar ou aumentar seu volume afeta <strong>o volume geral do Windows<\/strong>.<\/p>\n<p>Esse problema me fez voltar a experimentar com o TVCenter Pro, que nesse aspecto funciona corretamente. De repente o problema que ele tem com o DWM n\u00e3o parece t\u00e3o ruim&#8230;<\/p>\n","protected":false},"excerpt":{"rendered":"<p>A p\u00e1gina da MS com os atalhos de teclado do WMC n\u00e3o explica que ao apertar F8 todo o Windows fica mudo e n\u00e3o apenas o WMC. Isso foi inesperado e\u00a0 muito estranho, porque geralmente n\u00e3o \u00e9 isso que eu desejo, principalmente quando estou assistindo a Live TV. Eu coloco a TV em mute porque [&hellip;]<\/p>\n","protected":false},"author":3,"featured_media":0,"comment_status":"open","ping_status":"open","sticky":false,"template":"","format":"standard","meta":[],"categories":[9],"tags":[68,69,51,88,19],"_links":{"self":[{"href":"http:\/\/ryan.com.br\/blogs\/seven\/wp-json\/wp\/v2\/posts\/83"}],"collection":[{"href":"http:\/\/ryan.com.br\/blogs\/seven\/wp-json\/wp\/v2\/posts"}],"about":[{"href":"http:\/\/ryan.com.br\/blogs\/seven\/wp-json\/wp\/v2\/types\/post"}],"author":[{"embeddable":true,"href":"http:\/\/ryan.com.br\/blogs\/seven\/wp-json\/wp\/v2\/users\/3"}],"replies":[{"embeddable":true,"href":"http:\/\/ryan.com.br\/blogs\/seven\/wp-json\/wp\/v2\/comments?post=83"}],"version-history":[{"count":8,"href":"http:\/\/ryan.com.br\/blogs\/seven\/wp-json\/wp\/v2\/posts\/83\/revisions"}],"predecessor-version":[{"id":551,"href":"http:\/\/ryan.com.br\/blogs\/seven\/wp-json\/wp\/v2\/posts\/83\/revisions\/551"}],"wp:attachment":[{"href":"http:\/\/ryan.com.br\/blogs\/seven\/wp-json\/wp\/v2\/media?parent=83"}],"wp:term":[{"taxonomy":"category","embeddable":true,"href":"http:\/\/ryan.com.br\/blogs\/seven\/wp-json\/wp\/v2\/categories?post=83"},{"taxonomy":"post_tag","embeddable":true,"href":"http:\/\/ryan.com.br\/blogs\/seven\/wp-json\/wp\/v2\/tags?post=83"}],"curies":[{"name":"wp","href":"https:\/\/api.w.org\/{rel}","templated":true}]}}